{"id":842,"date":"2024-07-09T11:05:48","date_gmt":"2024-07-09T09:05:48","guid":{"rendered":"https:\/\/hsvs.de\/luettsegler\/?p=842"},"modified":"2024-07-09T11:05:48","modified_gmt":"2024-07-09T09:05:48","slug":"summer-feeling","status":"publish","type":"post","link":"https:\/\/hsvs.de\/luettsegler\/2024\/07\/09\/summer-feeling\/","title":{"rendered":"Summer feeling"},"content":{"rendered":"\n<figure class=\"wp-block-image size-full is-resized\"><img loading=\"lazy\" decoding=\"async\" width=\"600\" height=\"800\" data-attachment-id=\"843\" data-permalink=\"https:\/\/hsvs.de\/luettsegler\/2024\/07\/09\/summer-feeling\/segeln-08-07\/\" data-orig-file=\"https:\/\/hsvs.de\/luettsegler\/wp-content\/uploads\/sites\/2\/2024\/07\/Segeln-08.07.jpeg\" data-orig-size=\"600,800\" data-comments-opened=\"1\" data-image-meta=\"{&quot;aperture&quot;:&quot;0&quot;,&quot;credit&quot;:&quot;&quot;,&quot;camera&quot;:&quot;&quot;,&quot;caption&quot;:&quot;&quot;,&quot;created_timestamp&quot;:&quot;0&quot;,&quot;copyright&quot;:&quot;&quot;,&quot;focal_length&quot;:&quot;0&quot;,&quot;iso&quot;:&quot;0&quot;,&quot;shutter_speed&quot;:&quot;0&quot;,&quot;title&quot;:&quot;&quot;,&quot;orientation&quot;:&quot;0&quot;}\" data-image-title=\"Segeln-08.07\" data-image-description=\"\" data-image-caption=\"\" data-large-file=\"https:\/\/hsvs.de\/luettsegler\/wp-content\/uploads\/sites\/2\/2024\/07\/Segeln-08.07.jpeg\" src=\"https:\/\/hsvs.de\/luettsegler\/wp-content\/uploads\/sites\/2\/2024\/07\/Segeln-08.07.jpeg\" alt=\"\" class=\"wp-image-843\" style=\"width:650px;height:auto\" srcset=\"https:\/\/hsvs.de\/luettsegler\/wp-content\/uploads\/sites\/2\/2024\/07\/Segeln-08.07.jpeg 600w, https:\/\/hsvs.de\/luettsegler\/wp-content\/uploads\/sites\/2\/2024\/07\/Segeln-08.07-225x300.jpeg 225w\" sizes=\"auto, (max-width: 600px) 100vw, 600px\" \/><\/figure>\n\n\n\n<p>Passend zum letzten offiziellen Trainingstag vor den Sommerferien, zeigte sich uns die Sonne und der Wind war uns wohlgesonnen, so dass alle Kinder in den Opti steigen konnten. Zun\u00e4chst stand auf dem heutigen Trainingsprogramm ein Abstecher mit dem Motorboot zum Stadthafen, dort gab es f\u00fcr alle ein Eis.  <\/p>\n\n\n\n<figure class=\"wp-block-image size-large\"><img loading=\"lazy\" decoding=\"async\" width=\"2048\" height=\"1663\" data-attachment-id=\"844\" data-permalink=\"https:\/\/hsvs.de\/luettsegler\/2024\/07\/09\/summer-feeling\/eis-essen-nr2\/\" data-orig-file=\"https:\/\/hsvs.de\/luettsegler\/wp-content\/uploads\/sites\/2\/2024\/07\/Eis-essen-nr2.jpeg\" data-orig-size=\"2460,1998\" data-comments-opened=\"1\" data-image-meta=\"{&quot;aperture&quot;:&quot;0&quot;,&quot;credit&quot;:&quot;&quot;,&quot;camera&quot;:&quot;&quot;,&quot;caption&quot;:&quot;&quot;,&quot;created_timestamp&quot;:&quot;0&quot;,&quot;copyright&quot;:&quot;&quot;,&quot;focal_length&quot;:&quot;0&quot;,&quot;iso&quot;:&quot;0&quot;,&quot;shutter_speed&quot;:&quot;0&quot;,&quot;title&quot;:&quot;&quot;,&quot;orientation&quot;:&quot;0&quot;}\" data-image-title=\"Eis-essen-nr2\" data-image-description=\"\" data-image-caption=\"\" data-large-file=\"https:\/\/hsvs.de\/luettsegler\/wp-content\/uploads\/sites\/2\/2024\/07\/Eis-essen-nr2-2048x1663.jpeg\" src=\"https:\/\/hsvs.de\/luettsegler\/wp-content\/uploads\/sites\/2\/2024\/07\/Eis-essen-nr2-2048x1663.jpeg\" alt=\"\" class=\"wp-image-844\" srcset=\"https:\/\/hsvs.de\/luettsegler\/wp-content\/uploads\/sites\/2\/2024\/07\/Eis-essen-nr2-2048x1663.jpeg 2048w, https:\/\/hsvs.de\/luettsegler\/wp-content\/uploads\/sites\/2\/2024\/07\/Eis-essen-nr2-852x692.jpeg 852w, https:\/\/hsvs.de\/luettsegler\/wp-content\/uploads\/sites\/2\/2024\/07\/Eis-essen-nr2-1536x1248.jpeg 1536w, https:\/\/hsvs.de\/luettsegler\/wp-content\/uploads\/sites\/2\/2024\/07\/Eis-essen-nr2-300x244.jpeg 300w, https:\/\/hsvs.de\/luettsegler\/wp-content\/uploads\/sites\/2\/2024\/07\/Eis-essen-nr2-1800x1462.jpeg 1800w\" sizes=\"auto, (max-width: 2048px) 100vw, 2048px\" \/><\/figure>\n\n\n\n<p>Nachdem Eis ging es mit den Optis auf die Schlei. Bei drei Beaufort herschten perfekte Bedingungen, so konnten Techniken bei den Man\u00f6vern verbessert werden. In der Abschlussrunde wurde von allen das gute Wetter erw\u00e4hnt und sorgte f\u00fcr gute Stimmung bei Kindern und Trainern. Wir freuen uns auf hoffentlich noch viele sonnige Montage nach den Sommerferien. <\/p>\n","protected":false},"excerpt":{"rendered":"<p>Passend zum letzten offiziellen Trainingstag vor den Sommerferien, zeigte sich uns die Sonne und der Wind war uns wohlgesonnen, so dass alle Kinder in den Opti steigen konnten. Zun\u00e4chst stand auf dem heutigen Trainingsprogramm ein Abstecher mit dem Motorboot zum Stadthafen, dort gab es f\u00fcr alle ein Eis. Nachdem Eis ging es mit den Optis auf die Schlei. Bei drei Beaufort herschten perfekte Bedingungen, so konnten Techniken bei den Man\u00f6vern verbessert werden. In der Abschlussrunde wurde von allen das gute Wetter erw\u00e4hnt und sorgte f\u00fcr gute Stimmung bei Kindern und Trainern. Wir freuen uns auf hoffentlich noch viele sonnige Montage nach den Sommerferien.<\/p>\n","protected":false},"author":7,"featured_media":845,"comment_status":"open","ping_status":"open","sticky":false,"template":"","format":"standard","meta":{"inline_featured_image":false,"_jetpack_memberships_contains_paid_content":false,"footnotes":"","jetpack_publicize_message":"","jetpack_publicize_feature_enabled":true,"jetpack_social_post_already_shared":true,"jetpack_social_options":{"image_generator_settings":{"template":"highway","default_image_id":0,"font":"","enabled":false},"version":2}},"categories":[1],"tags":[],"coauthors":[11],"class_list":["post-842","post","type-post","status-publish","format-standard","has-post-thumbnail","hentry","category-allgemein"],"jetpack_publicize_connections":[],"jetpack_featured_media_url":"https:\/\/hsvs.de\/luettsegler\/wp-content\/uploads\/sites\/2\/2024\/07\/Segeln-08.07.-2.jpeg","jetpack_shortlink":"https:\/\/wp.me\/p3UjTT-dA","jetpack_sharing_enabled":true,"_links":{"self":[{"href":"https:\/\/hsvs.de\/luettsegler\/wp-json\/wp\/v2\/posts\/842","targetHints":{"allow":["GET"]}}],"collection":[{"href":"https:\/\/hsvs.de\/luettsegler\/wp-json\/wp\/v2\/posts"}],"about":[{"href":"https:\/\/hsvs.de\/luettsegler\/wp-json\/wp\/v2\/types\/post"}],"author":[{"embeddable":true,"href":"https:\/\/hsvs.de\/luettsegler\/wp-json\/wp\/v2\/users\/7"}],"replies":[{"embeddable":true,"href":"https:\/\/hsvs.de\/luettsegler\/wp-json\/wp\/v2\/comments?post=842"}],"version-history":[{"count":1,"href":"https:\/\/hsvs.de\/luettsegler\/wp-json\/wp\/v2\/posts\/842\/revisions"}],"predecessor-version":[{"id":846,"href":"https:\/\/hsvs.de\/luettsegler\/wp-json\/wp\/v2\/posts\/842\/revisions\/846"}],"wp:featuredmedia":[{"embeddable":true,"href":"https:\/\/hsvs.de\/luettsegler\/wp-json\/wp\/v2\/media\/845"}],"wp:attachment":[{"href":"https:\/\/hsvs.de\/luettsegler\/wp-json\/wp\/v2\/media?parent=842"}],"wp:term":[{"taxonomy":"category","embeddable":true,"href":"https:\/\/hsvs.de\/luettsegler\/wp-json\/wp\/v2\/categories?post=842"},{"taxonomy":"post_tag","embeddable":true,"href":"https:\/\/hsvs.de\/luettsegler\/wp-json\/wp\/v2\/tags?post=842"},{"taxonomy":"author","embeddable":true,"href":"https:\/\/hsvs.de\/luettsegler\/wp-json\/wp\/v2\/coauthors?post=842"}],"curies":[{"name":"wp","href":"https:\/\/api.w.org\/{rel}","templated":true}]}}